{"id":5041,"date":"2025-01-06T02:05:43","date_gmt":"2025-01-06T01:05:43","guid":{"rendered":"https:\/\/manidiforbici.it\/salone-pesaro\/?p=5041"},"modified":"2025-10-25T18:10:25","modified_gmt":"2025-10-25T17:10:25","slug":"trattamento-di-ricostruzione-screen-alla-keratina","status":"publish","type":"post","link":"https:\/\/manidiforbici.it\/salone-pesaro\/trattamento-di-ricostruzione-screen-alla-keratina\/","title":{"rendered":"Trattamento di Ricostruzione Screen alla Keratina"},"content":{"rendered":"<div class=\"row\"  id=\"row-13051695\">\n\n\t<div id=\"col-37412081\" class=\"col large-12\"  >\n\t\t\t\t<div class=\"col-inner\"  >\n\t\t\t\n\t\t\t\n<h1>Trattamento alla Cheratina Screen Repair: Ristrutturazione Profonda in 3 Fasi \u2728<\/h1>\n<p>Il trattamento alla cheratina Screen Repair \u00e8 una soluzione professionale per capelli danneggiati, secchi o trattati chimicamente. Grazie alla cheratina vegetale e a un esclusivo complesso di 20 aminoacidi, questo trattamento agisce in profondit\u00e0, migliorando la struttura e l&#8217;aspetto della chioma \ud83d\udc86\u200d\u2640\ufe0f.<\/p>\n\t\t<\/div>\n\t\t\t\t\t<\/div>\n\n\t\n<\/div>\n<div class=\"row\"  id=\"row-846399909\">\n\n\t<div id=\"col-1048184098\" class=\"col large-12\"  >\n\t\t\t\t<div class=\"col-inner\"  >\n\t\t\t\n\t\t\t\n<h2>Cos&#8217;\u00e8 la Cheratina e come agisce \ud83e\uddec<\/h2>\n<p>La cheratina \u00e8 una proteina fibrosa naturale presente in capelli, unghie e pelle. Nel trattamento Screen Repair, viene utilizzata una cheratina di origine vegetale, arricchita con un complesso esclusivo di 20 aminoacidi.<br \/>Questi ingredienti lavorano insieme per riparare e rinforzare i capelli, migliorando elasticit\u00e0, lucentezza e morbidezza \u2728.<\/p>\n\t\t<\/div>\n\t\t\t\t\t<\/div>\n\n\t\n<\/div>\n<div class=\"row\"  id=\"row-1748484245\">\n\n\t<div id=\"col-121135038\" class=\"col large-12\"  >\n\t\t\t\t<div class=\"col-inner\"  >\n\t\t\t\n\t\t\t\n<h2>Perch\u00e9 scegliere Screen Repair in salone \ud83d\udc87\u200d\u2640\ufe0f<\/h2>\n<p data-start=\"125\" data-end=\"503\">Anche se i prodotti Screen Repair possono essere utilizzati a casa, da noi al <strong data-start=\"305\" data-end=\"340\">salone Mani di Forbici a Pesaro<\/strong> garantiamo risultati professionali e duraturi.<br data-start=\"387\" data-end=\"390\" \/>Grazie alla nostra esperienza, applichiamo i prodotti in modo uniforme e realizziamo pieghe impeccabili, esaltando morbidezza, lucentezza e disciplina dei capelli \ud83c\udf1f<\/p>\n\t<div class=\"img has-hover x md-x lg-x y md-y lg-y\" id=\"image_2133144787\">\n\t\t\t\t\t\t\t\t<div class=\"img-inner dark\" >\n\t\t\t<img loading=\"lazy\" decoding=\"async\" width=\"1020\" height=\"571\" src=\"https:\/\/manidiforbici.it\/salone-pesaro\/wp-content\/uploads\/2025\/01\/parr-1024x573.jpg\" class=\"attachment-large size-large\" alt=\"\" srcset=\"https:\/\/manidiforbici.it\/salone-pesaro\/wp-content\/uploads\/2025\/01\/parr-1024x573.jpg 1024w, https:\/\/manidiforbici.it\/salone-pesaro\/wp-content\/uploads\/2025\/01\/parr-300x168.jpg 300w, https:\/\/manidiforbici.it\/salone-pesaro\/wp-content\/uploads\/2025\/01\/parr-768x430.jpg 768w, https:\/\/manidiforbici.it\/salone-pesaro\/wp-content\/uploads\/2025\/01\/parr-1536x860.jpg 1536w, https:\/\/manidiforbici.it\/salone-pesaro\/wp-content\/uploads\/2025\/01\/parr-510x286.jpg 510w, https:\/\/manidiforbici.it\/salone-pesaro\/wp-content\/uploads\/2025\/01\/parr.jpg 1600w\" sizes=\"auto, (max-width: 1020px) 100vw, 1020px\" \/>\t\t\t\t\t\t\n\t\t\t\t\t<\/div>\n\t\t\t\t\t\t\t\t\n<style>\n#image_2133144787 {\n  width: 100%;\n}\n<\/style>\n\t<\/div>\n\t\n\t\t<\/div>\n\t\t\t\t\t<\/div>\n\n\t\n<\/div>\n<div class=\"row\"  id=\"row-1830843683\">\n\n\t<div id=\"col-442218361\" class=\"col large-12\"  >\n\t\t\t\t<div class=\"col-inner\"  >\n\t\t\t\n\t\t\t\n<h2>Durata del trattamento \u23f3<\/h2>\n<p>Il trattamento Screen Repair \u00e8 semi-permanente, con effetti che durano circa 2-3 mesi.<br \/>La durata pu\u00f2 variare in base a fattori come il tipo di capello, la frequenza di lavaggio e l&#8217;uso di prodotti specifici per il mantenimento.<\/p>\n\t\t<\/div>\n\t\t\t\t\t<\/div>\n\n\t\n<\/div>\n<div class=\"row\"  id=\"row-1435054082\">\n\n\t<div id=\"col-1690983105\" class=\"col large-12\"  >\n\t\t\t\t<div class=\"col-inner\"  >\n\t\t\t\n\t\t\t\n\t<div class=\"img has-hover x md-x lg-x y md-y lg-y\" id=\"image_1464970000\">\n\t\t\t\t\t\t\t\t<div class=\"img-inner dark\" >\n\t\t\t<img loading=\"lazy\" decoding=\"async\" width=\"1020\" height=\"384\" src=\"https:\/\/manidiforbici.it\/salone-pesaro\/wp-content\/uploads\/2025\/01\/screen-1024x386.jpg\" class=\"attachment-large size-large\" alt=\"\" srcset=\"https:\/\/manidiforbici.it\/salone-pesaro\/wp-content\/uploads\/2025\/01\/screen-1024x386.jpg 1024w, https:\/\/manidiforbici.it\/salone-pesaro\/wp-content\/uploads\/2025\/01\/screen-300x113.jpg 300w, https:\/\/manidiforbici.it\/salone-pesaro\/wp-content\/uploads\/2025\/01\/screen-768x289.jpg 768w, https:\/\/manidiforbici.it\/salone-pesaro\/wp-content\/uploads\/2025\/01\/screen-1536x579.jpg 1536w, https:\/\/manidiforbici.it\/salone-pesaro\/wp-content\/uploads\/2025\/01\/screen-2048x772.jpg 2048w, https:\/\/manidiforbici.it\/salone-pesaro\/wp-content\/uploads\/2025\/01\/screen-510x192.jpg 510w\" sizes=\"auto, (max-width: 1020px) 100vw, 1020px\" \/>\t\t\t\t\t\t\n\t\t\t\t\t<\/div>\n\t\t\t\t\t\t\t\t\n<style>\n#image_1464970000 {\n  width: 100%;\n}\n<\/style>\n\t<\/div>\n\t\n<h2>Fasi del Trattamento Screen Repair \ud83d\udd39<\/h2>\n<h3>1. Stage One \u2013 Shampoo Ristrutturante \ud83e\uddf4<\/h3>\n<p>Il primo passo consiste in una detersione delicata con lo shampoo Screen Repair Stage One, che prepara i capelli per le fasi successive.<br \/>Contiene un complesso di cheratina e aminoacidi che rinforza e bilancia la struttura del capello \ud83d\udcaa.<\/p>\n<h3>2. Stage Two \u2013 Impacco Ristrutturante Profondo \ud83d\udca7<\/h3>\n<p>In questa fase, si applica l&#8217;impacco Screen Repair Stage Two su capelli tamponati.<br \/>Con un pH di 6-7, apre le squame del capello, permettendo una penetrazione profonda del trattamento.<br \/>Il tempo di posa consigliato \u00e8 di 20 minuti \u23f1\ufe0f.<\/p>\n<h3>3. Stage Three \u2013 Maschera Idratante Finalizzante \ud83d\udec1<\/h3>\n<p>La terza fase prevede l&#8217;applicazione della maschera Screen Repair Stage Three, che chiude le squame del capello con un pH di 4-5, sigillando l&#8217;idratazione e donando lucentezza \u2728.<br \/>Questa fase fissa la ricostruzione e migliora l&#8217;aspetto finale dei capelli.<\/p>\n\t\t<\/div>\n\t\t\t\t\t<\/div>\n\n\t\n<\/div>\n<div class=\"row\"  id=\"row-1030449058\">\n\n\t<div id=\"col-312953092\" class=\"col large-12\"  >\n\t\t\t\t<div class=\"col-inner\"  >\n\t\t\t\n\t\t\t\n<div class=\"slider-wrapper relative\" id=\"slider-850964530\" >\n    <div class=\"slider slider-nav-circle slider-nav-large slider-nav-light slider-style-normal\"\n        data-flickity-options='{\n            \"cellAlign\": \"center\",\n            \"imagesLoaded\": true,\n            \"lazyLoad\": 1,\n            \"freeScroll\": false,\n            \"wrapAround\": true,\n            \"autoPlay\": 6000,\n            \"pauseAutoPlayOnHover\" : true,\n            \"prevNextButtons\": true,\n            \"contain\" : true,\n            \"adaptiveHeight\" : true,\n            \"dragThreshold\" : 10,\n            \"percentPosition\": true,\n            \"pageDots\": true,\n            \"rightToLeft\": false,\n            \"draggable\": true,\n            \"selectedAttraction\": 0.1,\n            \"parallax\" : 0,\n            \"friction\": 0.6        }'\n        >\n        \n\t<div class=\"img has-hover x md-x lg-x y md-y lg-y\" id=\"image_1984671478\">\n\t\t\t\t\t\t\t\t<div class=\"img-inner image-cover dark\" style=\"padding-top:56.25%;\">\n\t\t\t<img loading=\"lazy\" decoding=\"async\" width=\"1020\" height=\"680\" src=\"https:\/\/manidiforbici.it\/salone-pesaro\/wp-content\/uploads\/2025\/01\/fash-long-hair-before-and-after-1024x683.jpg\" class=\"attachment-large size-large\" alt=\"\" srcset=\"https:\/\/manidiforbici.it\/salone-pesaro\/wp-content\/uploads\/2025\/01\/fash-long-hair-before-and-after-1024x683.jpg 1024w, https:\/\/manidiforbici.it\/salone-pesaro\/wp-content\/uploads\/2025\/01\/fash-long-hair-before-and-after-300x200.jpg 300w, https:\/\/manidiforbici.it\/salone-pesaro\/wp-content\/uploads\/2025\/01\/fash-long-hair-before-and-after-768x512.jpg 768w, https:\/\/manidiforbici.it\/salone-pesaro\/wp-content\/uploads\/2025\/01\/fash-long-hair-before-and-after-510x340.jpg 510w, https:\/\/manidiforbici.it\/salone-pesaro\/wp-content\/uploads\/2025\/01\/fash-long-hair-before-and-after.jpg 1200w\" sizes=\"auto, (max-width: 1020px) 100vw, 1020px\" \/>\t\t\t\t\t\t\n\t\t\t\t\t<\/div>\n\t\t\t\t\t\t\t\t\n<style>\n#image_1984671478 {\n  width: 100%;\n}\n<\/style>\n\t<\/div>\n\t\n\t<div class=\"img has-hover x md-x lg-x y md-y lg-y\" id=\"image_45154093\">\n\t\t\t\t\t\t\t\t<div class=\"img-inner image-cover dark\" style=\"padding-top:56.25%;\">\n\t\t\t<img loading=\"lazy\" decoding=\"async\" width=\"1020\" height=\"1020\" src=\"https:\/\/manidiforbici.it\/salone-pesaro\/wp-content\/uploads\/2025\/01\/aaaa-1024x1024.jpg\" class=\"attachment-large size-large\" alt=\"\" srcset=\"https:\/\/manidiforbici.it\/salone-pesaro\/wp-content\/uploads\/2025\/01\/aaaa-1024x1024.jpg 1024w, https:\/\/manidiforbici.it\/salone-pesaro\/wp-content\/uploads\/2025\/01\/aaaa-300x300.jpg 300w, https:\/\/manidiforbici.it\/salone-pesaro\/wp-content\/uploads\/2025\/01\/aaaa-150x150.jpg 150w, https:\/\/manidiforbici.it\/salone-pesaro\/wp-content\/uploads\/2025\/01\/aaaa-768x768.jpg 768w, https:\/\/manidiforbici.it\/salone-pesaro\/wp-content\/uploads\/2025\/01\/aaaa-1536x1536.jpg 1536w, https:\/\/manidiforbici.it\/salone-pesaro\/wp-content\/uploads\/2025\/01\/aaaa-510x510.jpg 510w, https:\/\/manidiforbici.it\/salone-pesaro\/wp-content\/uploads\/2025\/01\/aaaa-100x100.jpg 100w, https:\/\/manidiforbici.it\/salone-pesaro\/wp-content\/uploads\/2025\/01\/aaaa.jpg 1920w\" sizes=\"auto, (max-width: 1020px) 100vw, 1020px\" \/>\t\t\t\t\t\t\n\t\t\t\t\t<\/div>\n\t\t\t\t\t\t\t\t\n<style>\n#image_45154093 {\n  width: 100%;\n}\n<\/style>\n\t<\/div>\n\t\n\t<div class=\"img has-hover x md-x lg-x y md-y lg-y\" id=\"image_1968760920\">\n\t\t\t\t\t\t\t\t<div class=\"img-inner image-cover dark\" style=\"padding-top:56.25%;\">\n\t\t\t<img loading=\"lazy\" decoding=\"async\" width=\"1000\" height=\"1000\" src=\"https:\/\/manidiforbici.it\/salone-pesaro\/wp-content\/uploads\/2025\/01\/keratina.jpg\" class=\"attachment-large size-large\" alt=\"\" srcset=\"https:\/\/manidiforbici.it\/salone-pesaro\/wp-content\/uploads\/2025\/01\/keratina.jpg 1000w, https:\/\/manidiforbici.it\/salone-pesaro\/wp-content\/uploads\/2025\/01\/keratina-300x300.jpg 300w, https:\/\/manidiforbici.it\/salone-pesaro\/wp-content\/uploads\/2025\/01\/keratina-150x150.jpg 150w, https:\/\/manidiforbici.it\/salone-pesaro\/wp-content\/uploads\/2025\/01\/keratina-768x768.jpg 768w, https:\/\/manidiforbici.it\/salone-pesaro\/wp-content\/uploads\/2025\/01\/keratina-510x510.jpg 510w, https:\/\/manidiforbici.it\/salone-pesaro\/wp-content\/uploads\/2025\/01\/keratina-100x100.jpg 100w\" sizes=\"auto, (max-width: 1000px) 100vw, 1000px\" \/>\t\t\t\t\t\t\n\t\t\t\t\t<\/div>\n\t\t\t\t\t\t\t\t\n<style>\n#image_1968760920 {\n  width: 100%;\n}\n<\/style>\n\t<\/div>\n\t\n     <\/div>\n\n     <div class=\"loading-spin dark large centered\"><\/div>\n\n\t<\/div>\n\n\n<h2>Benefici del Trattamento \ud83c\udf1f<\/h2>\n<ul>\n<li><strong>Ristrutturazione Profonda<\/strong>: Ripara e rinforza la struttura interna del capello \ud83d\udcaa.<\/li>\n<li><strong>Morbidezza e Lucentezza<\/strong>: I capelli appaiono pi\u00f9 morbidi e lucenti sin dalla prima applicazione \u2728.<\/li>\n<li><strong>Riduzione dell&#8217;Uso di Phon e Piastra<\/strong>: La chioma risulta pi\u00f9 disciplinata, riducendo la necessit\u00e0 di styling termico \ud83d\udd25.<\/li>\n<li><strong>Durata Prolungata<\/strong>: Gli effetti durano fino a 2-3 mesi, a seconda della cura post-trattamento \u23f3.<\/li>\n<\/ul>\n\t\t<\/div>\n\t\t\t\t\t<\/div>\n\n\t\n<\/div>\n<div class=\"row\"  id=\"row-1438970168\">\n\n\t<div id=\"col-1713730709\" class=\"col large-12\"  >\n\t\t\t\t<div class=\"col-inner\"  >\n\t\t\t\n\t\t\t\n<h2>Domande Frequenti (FAQ) \u2753<\/h2>\n<p><strong>1. Posso fare il trattamento subito dopo una colorazione?<\/strong><br \/>\u00c8 consigliabile attendere almeno 7 giorni dopo una colorazione ossidativa prima di sottoporsi al trattamento Screen Repair. Il pH di Stage Two potrebbe interferire con la tenuta del colore \ud83c\udfa8.<\/p>\n<p><strong>2. Il trattamento \u00e8 adatto a tutti i tipi di capello?<\/strong><br \/>S\u00ec, il trattamento \u00e8 versatile e adatto a capelli ricci, crespi, lisci e fini. Pu\u00f2 essere personalizzato per rispondere alle esigenze specifiche di ogni tipo di capello \ud83c\udf08.<\/p>\n<p><strong>3. Posso mantenere i risultati a casa?<\/strong><br \/>S\u00ec, utilizzando i prodotti Screen Repair per uso domestico, come shampoo e maschere specifiche, \u00e8 possibile prolungare gli effetti del trattamento e mantenere i capelli sani e lucenti \ud83d\udc96.<\/p>\n\t\t<\/div>\n\t\t\t\t\t<\/div>\n\n\t\n<\/div>\n<a href=\"\/salone-pesaro\/contatti-e-prenotazioni\/\" class=\"button secondary\" >\n\t\t<span>prenota ora<\/span>\n\t<\/a>\n\n","protected":false},"excerpt":{"rendered":"<p>\u2728 Trasforma i tuoi capelli con il trattamento alla cheratina Screen Repair! \ud83d\udc86\u200d\u2640\ufe0f Ristruttura, nutre e rende i capelli lisci, morbidi e luminosi fino a 3 mesi. Perfetto per ogni tipo di capello. \ud83c\udf1f<\/p>\n","protected":false},"author":1,"featured_media":5343,"comment_status":"closed","ping_status":"open","sticky":false,"template":"","format":"standard","meta":{"footnotes":""},"categories":[51],"tags":[],"class_list":["post-5041","post","type-post","status-publish","format-standard","has-post-thumbnail","hentry","category-trattamenti"],"aioseo_notices":[],"_links":{"self":[{"href":"https:\/\/manidiforbici.it\/salone-pesaro\/wp-json\/wp\/v2\/posts\/5041","targetHints":{"allow":["GET"]}}],"collection":[{"href":"https:\/\/manidiforbici.it\/salone-pesaro\/wp-json\/wp\/v2\/posts"}],"about":[{"href":"https:\/\/manidiforbici.it\/salone-pesaro\/wp-json\/wp\/v2\/types\/post"}],"author":[{"embeddable":true,"href":"https:\/\/manidiforbici.it\/salone-pesaro\/wp-json\/wp\/v2\/users\/1"}],"replies":[{"embeddable":true,"href":"https:\/\/manidiforbici.it\/salone-pesaro\/wp-json\/wp\/v2\/comments?post=5041"}],"version-history":[{"count":8,"href":"https:\/\/manidiforbici.it\/salone-pesaro\/wp-json\/wp\/v2\/posts\/5041\/revisions"}],"predecessor-version":[{"id":5345,"href":"https:\/\/manidiforbici.it\/salone-pesaro\/wp-json\/wp\/v2\/posts\/5041\/revisions\/5345"}],"wp:featuredmedia":[{"embeddable":true,"href":"https:\/\/manidiforbici.it\/salone-pesaro\/wp-json\/wp\/v2\/media\/5343"}],"wp:attachment":[{"href":"https:\/\/manidiforbici.it\/salone-pesaro\/wp-json\/wp\/v2\/media?parent=5041"}],"wp:term":[{"taxonomy":"category","embeddable":true,"href":"https:\/\/manidiforbici.it\/salone-pesaro\/wp-json\/wp\/v2\/categories?post=5041"},{"taxonomy":"post_tag","embeddable":true,"href":"https:\/\/manidiforbici.it\/salone-pesaro\/wp-json\/wp\/v2\/tags?post=5041"}],"curies":[{"name":"wp","href":"https:\/\/api.w.org\/{rel}","templated":true}]}}