{"id":5436,"date":"2025-10-27T22:04:56","date_gmt":"2025-10-27T21:04:56","guid":{"rendered":"https:\/\/manidiforbici.it\/salone-pesaro\/?p=5436"},"modified":"2025-10-27T22:05:56","modified_gmt":"2025-10-27T21:05:56","slug":"riflessante-capelli-il-segreto-per-una-chioma-luminosa-e-naturale","status":"publish","type":"post","link":"https:\/\/manidiforbici.it\/salone-pesaro\/riflessante-capelli-il-segreto-per-una-chioma-luminosa-e-naturale\/","title":{"rendered":"Riflessante capelli: il segreto per una chioma luminosa e naturale"},"content":{"rendered":"<div class=\"row\"  id=\"row-1368029058\">\n\n\t<div id=\"col-1765619444\" class=\"col large-12\"  >\n\t\t\t\t<div class=\"col-inner\"  >\n\t\t\t\n\t\t\t\n<p>\ud83d\udcab <strong>Il riflessante per capelli<\/strong> \u00e8 uno dei trattamenti pi\u00f9 amati da chi desidera ravvivare il colore senza stressare la chioma. Perfetto per donare <strong>luminosit\u00e0, brillantezza e sfumature delicate<\/strong>, il riflessante \u00e8 la soluzione ideale per chi vuole un <strong>effetto naturale<\/strong> e <strong>capelli sani<\/strong>.<\/p>\n\t\t<\/div>\n\t\t\t\t\t<\/div>\n\n\t\n<\/div>\n<div class=\"row\"  id=\"row-1549783294\">\n\n\t<div id=\"col-326427570\" class=\"col large-12\"  >\n\t\t\t\t<div class=\"col-inner\"  >\n\t\t\t\n\t\t\t\n<h3>\ud83c\udf08 Cos\u2019\u00e8 il riflessante<\/h3>\n<p>Il riflessante \u00e8 un prodotto <strong>senza ammoniaca<\/strong> e <strong>senza ossidanti forti<\/strong>, che non penetra in profondit\u00e0 nel capello ma si deposita sulla superficie.<br \/>\nIn questo modo <strong>non danneggia la fibra capillare<\/strong> e, anzi, ne esalta la brillantezza, donando riflessi morbidi e sfumati \u2728.<\/p>\n\t\t<\/div>\n\t\t\t\t\t<\/div>\n\n\t\n<\/div>\n<div class=\"row\"  id=\"row-443876784\">\n\n\t<div id=\"col-1348186148\" class=\"col large-12\"  >\n\t\t\t\t<div class=\"col-inner\"  >\n\t\t\t\n\t\t\t\n<h3>\ud83d\udc86\u200d\u2640\ufe0f Quando sceglierlo<\/h3>\n<p>\u00c8 perfetto se vuoi:<\/p>\n<ul>\n<li>\ud83c\udfa8 <strong>Ravvivare un colore spento<\/strong> tra una tinta e l\u2019altra<\/li>\n<li>\ud83c\udf38 <strong>Provare un nuovo tono<\/strong> senza impegno<\/li>\n<li>\ud83d\udcab <strong>Mascherare i primi capelli bianchi<\/strong> in modo naturale<\/li>\n<li>\ud83c\udf3f <strong>Restituire luminosit\u00e0<\/strong> e morbidezza a capelli opachi o stressati<\/li>\n<\/ul>\n\t\t<\/div>\n\t\t\t\t\t<\/div>\n\n\t\n<\/div>\n<div class=\"row\"  id=\"row-1487756369\">\n\n\t<div id=\"col-413134634\" class=\"col large-12\"  >\n\t\t\t\t<div class=\"col-inner\"  >\n\t\t\t\n\t\t\t\n<h3>\ud83e\uddf4 Quanto dura<\/h3>\n<p>Il riflessante ha una durata di circa <strong>4-6 settimane<\/strong>, a seconda del tipo di capello e della frequenza dei lavaggi.<br \/>\nCol tempo, il colore svanisce progressivamente, <strong>senza lasciare stacchi visibili o ricrescita marcata<\/strong> \u2014 perfetto per un look sempre curato e naturale \ud83d\udc96.<\/p>\n\t\t<\/div>\n\t\t\t\t\t<\/div>\n\n\t\n<\/div>\n<div class=\"row\"  id=\"row-1714977503\">\n\n\t<div id=\"col-1566159943\" class=\"col large-12\"  >\n\t\t\t\t<div class=\"col-inner\"  >\n\t\t\t\n\t\t\t\n<h3>\ud83c\udf3f I vantaggi del riflessante<\/h3>\n<ul>\n<li>\u2705 <strong>Non danneggia i capelli<\/strong><\/li>\n<li>\u2728 <strong>Dona luminosit\u00e0 e riflessi naturali<\/strong><\/li>\n<li>\ud83d\udc86\u200d\u2640\ufe0f <strong>Non richiede manutenzione complessa<\/strong><\/li>\n<li>\ud83c\udf38 <strong>\u00c8 adatto a tutti i tipi di capelli<\/strong><\/li>\n<\/ul>\n\t<div class=\"img has-hover x md-x lg-x y md-y lg-y\" id=\"image_1174239917\">\n\t\t\t\t\t\t\t\t<div class=\"img-inner dark\" >\n\t\t\t<img loading=\"lazy\" decoding=\"async\" width=\"1020\" height=\"571\" src=\"https:\/\/manidiforbici.it\/salone-pesaro\/wp-content\/uploads\/2025\/10\/2-3-1024x573.png\" class=\"attachment-large size-large\" alt=\"\" srcset=\"https:\/\/manidiforbici.it\/salone-pesaro\/wp-content\/uploads\/2025\/10\/2-3-1024x573.png 1024w, https:\/\/manidiforbici.it\/salone-pesaro\/wp-content\/uploads\/2025\/10\/2-3-300x168.png 300w, https:\/\/manidiforbici.it\/salone-pesaro\/wp-content\/uploads\/2025\/10\/2-3-768x430.png 768w, https:\/\/manidiforbici.it\/salone-pesaro\/wp-content\/uploads\/2025\/10\/2-3-1536x860.png 1536w, https:\/\/manidiforbici.it\/salone-pesaro\/wp-content\/uploads\/2025\/10\/2-3-510x286.png 510w, https:\/\/manidiforbici.it\/salone-pesaro\/wp-content\/uploads\/2025\/10\/2-3.png 1600w\" sizes=\"auto, (max-width: 1020px) 100vw, 1020px\" \/>\t\t\t\t\t\t\n\t\t\t\t\t<\/div>\n\t\t\t\t\t\t\t\t\n<style>\n#image_1174239917 {\n  width: 100%;\n}\n<\/style>\n\t<\/div>\n\t\n\t\t<\/div>\n\t\t\t\t\t<\/div>\n\n\t\n<\/div>\n<div class=\"row\"  id=\"row-2119202821\">\n\n\t<div id=\"col-2119606605\" class=\"col large-12\"  >\n\t\t\t\t<div class=\"col-inner\"  >\n\t\t\t\n\t\t\t\n<h3>\ud83d\udc87\u200d\u2640\ufe0f Il consiglio delle nostre Hair Stylist<\/h3>\n<p>In salone utilizziamo solo <strong>riflessanti professionali di alta qualit\u00e0<\/strong>, che nutrono e valorizzano i capelli senza stressarli.<br \/>\nDurante la <strong>consulenza personalizzata<\/strong>, ti aiuteremo a scegliere la nuance perfetta per il tuo incarnato e il tuo stile \u2014 per un effetto <strong>fresco, naturale e luminoso<\/strong> \ud83c\udf1f.<\/p>\n\t\t<\/div>\n\t\t\t\t\t<\/div>\n\n\t\n<\/div>\n","protected":false},"excerpt":{"rendered":"","protected":false},"author":1,"featured_media":5437,"comment_status":"closed","ping_status":"open","sticky":false,"template":"","format":"standard","meta":{"footnotes":""},"categories":[1],"tags":[],"class_list":["post-5436","post","type-post","status-publish","format-standard","has-post-thumbnail","hentry","category-uncategorized"],"aioseo_notices":[],"_links":{"self":[{"href":"https:\/\/manidiforbici.it\/salone-pesaro\/wp-json\/wp\/v2\/posts\/5436","targetHints":{"allow":["GET"]}}],"collection":[{"href":"https:\/\/manidiforbici.it\/salone-pesaro\/wp-json\/wp\/v2\/posts"}],"about":[{"href":"https:\/\/manidiforbici.it\/salone-pesaro\/wp-json\/wp\/v2\/types\/post"}],"author":[{"embeddable":true,"href":"https:\/\/manidiforbici.it\/salone-pesaro\/wp-json\/wp\/v2\/users\/1"}],"replies":[{"embeddable":true,"href":"https:\/\/manidiforbici.it\/salone-pesaro\/wp-json\/wp\/v2\/comments?post=5436"}],"version-history":[{"count":2,"href":"https:\/\/manidiforbici.it\/salone-pesaro\/wp-json\/wp\/v2\/posts\/5436\/revisions"}],"predecessor-version":[{"id":5440,"href":"https:\/\/manidiforbici.it\/salone-pesaro\/wp-json\/wp\/v2\/posts\/5436\/revisions\/5440"}],"wp:featuredmedia":[{"embeddable":true,"href":"https:\/\/manidiforbici.it\/salone-pesaro\/wp-json\/wp\/v2\/media\/5437"}],"wp:attachment":[{"href":"https:\/\/manidiforbici.it\/salone-pesaro\/wp-json\/wp\/v2\/media?parent=5436"}],"wp:term":[{"taxonomy":"category","embeddable":true,"href":"https:\/\/manidiforbici.it\/salone-pesaro\/wp-json\/wp\/v2\/categories?post=5436"},{"taxonomy":"post_tag","embeddable":true,"href":"https:\/\/manidiforbici.it\/salone-pesaro\/wp-json\/wp\/v2\/tags?post=5436"}],"curies":[{"name":"wp","href":"https:\/\/api.w.org\/{rel}","templated":true}]}}